{"id":2730,"date":"2016-10-18T04:07:53","date_gmt":"2016-10-18T04:07:53","guid":{"rendered":"http:\/\/jaskinia-eden.pl\/?p=2730"},"modified":"2016-11-29T22:57:57","modified_gmt":"2016-11-29T22:57:57","slug":"mydelka-solne","status":"publish","type":"post","link":"https:\/\/jaskiniaeden.pl\/?p=2730","title":{"rendered":"Myde\u0142ka solne"},"content":{"rendered":"<p>W 100% wykonane z kryszta\u0142\u00f3w soli z pakista\u0144skich Himalaj\u00f3w. S\u0105 bardzo cennym ca\u0142kowicie naturalnym kosmetykiem, stosowanym od wiek\u00f3w. S\u00f3l ma w\u0142a\u015bciwo\u015bci bakteriob\u00f3jcze, antywirusowe oraz silnie wyg\u0142adzaj\u0105ce nask\u00f3rek. Znakomicie sprawdza si\u0119 przy cerach, t\u0142ustych, mieszanych, alergicznych.\u00a0Wszystkie przedstawione poni\u017cej produkty s\u0105 wykonane z bry\u0142 soli o takich samych opisanych powy\u017cej w\u0142a\u015bciwo\u015bciach. Charakteryzuj\u0105 si\u0119 odmiennym kszta\u0142tem, wygl\u0105dem a przez to preferencjami potencjalnych u\u017cytkownik\u00f3w.\u00a0<\/p>\n<h4><span style=\"color: #f44336;\">Oferujemy\u00a0Pa\u0144stwu myde\u0142ka w trzech sympatycznych kszta\u0142tach:<\/span><\/h4>\n<p>&nbsp;<\/p>\n<h4><span style=\"color: #ff6600;\"><img loading=\"lazy\" decoding=\"async\" class=\"alignleft wp-image-2866 size-medium\" src=\"http:\/\/jaskinia-eden.pl\/wp-content\/uploads\/2016\/10\/DSC_0069a-300x201.jpg\" alt=\"dsc_0069a\" width=\"300\" height=\"201\" srcset=\"https:\/\/jaskiniaeden.pl\/wp-content\/uploads\/2016\/10\/DSC_0069a-300x201.jpg 300w, https:\/\/jaskiniaeden.pl\/wp-content\/uploads\/2016\/10\/DSC_0069a-360x241.jpg 360w, https:\/\/jaskiniaeden.pl\/wp-content\/uploads\/2016\/10\/DSC_0069a-400x268.jpg 400w, https:\/\/jaskiniaeden.pl\/wp-content\/uploads\/2016\/10\/DSC_0069a-430x288.jpg 430w, https:\/\/jaskiniaeden.pl\/wp-content\/uploads\/2016\/10\/DSC_0069a-150x100.jpg 150w, https:\/\/jaskiniaeden.pl\/wp-content\/uploads\/2016\/10\/DSC_0069a-100x67.jpg 100w, https:\/\/jaskiniaeden.pl\/wp-content\/uploads\/2016\/10\/DSC_0069a-272x182.jpg 272w, https:\/\/jaskiniaeden.pl\/wp-content\/uploads\/2016\/10\/DSC_0069a.jpg 640w\" sizes=\"auto, (max-width: 300px) 100vw, 300px\" \/><\/span><span style=\"background-color: #f44336; color: #ffffff;\">\u00a0Myde\u0142ko jak myde\u0142ko\u2026\u00a0<\/span><\/h4>\n<h4><span style=\"color: #f44336;\">12,- pln<\/span><\/h4>\n<p>Swoim wygl\u0105dem i kszta\u0142tem przypomina prawdziwe ale r\u00f3\u017cnobarwne myde\u0142ko.\u00a0Jest bardzo wygodne w u\u017cyciu.<\/p>\n<p>Polecam j\u0105 ka\u017cdej kobiecie ale te\u017c i m\u0119\u017cczyznom,\u00a0kt\u00f3rzy lubi\u0105 dba\u0107 o sw\u00f3j wygl\u0105d \u2013 zw\u0142aszcza o dotyk delikatnych d\u0142oni\u2026<\/p>\n<hr \/>\n<p>&nbsp;<\/p>\n<h4><img loading=\"lazy\" decoding=\"async\" class=\"alignleft wp-image-2868 size-medium\" src=\"http:\/\/jaskinia-eden.pl\/wp-content\/uploads\/2016\/10\/IMG_0179a-300x200.jpg\" alt=\"img_0179a\" width=\"300\" height=\"200\" srcset=\"https:\/\/jaskiniaeden.pl\/wp-content\/uploads\/2016\/10\/IMG_0179a-300x200.jpg 300w, https:\/\/jaskiniaeden.pl\/wp-content\/uploads\/2016\/10\/IMG_0179a-360x240.jpg 360w, https:\/\/jaskiniaeden.pl\/wp-content\/uploads\/2016\/10\/IMG_0179a-400x267.jpg 400w, https:\/\/jaskiniaeden.pl\/wp-content\/uploads\/2016\/10\/IMG_0179a-430x287.jpg 430w, https:\/\/jaskiniaeden.pl\/wp-content\/uploads\/2016\/10\/IMG_0179a-150x100.jpg 150w, https:\/\/jaskiniaeden.pl\/wp-content\/uploads\/2016\/10\/IMG_0179a-100x67.jpg 100w, https:\/\/jaskiniaeden.pl\/wp-content\/uploads\/2016\/10\/IMG_0179a-272x182.jpg 272w, https:\/\/jaskiniaeden.pl\/wp-content\/uploads\/2016\/10\/IMG_0179a.jpg 640w\" sizes=\"auto, (max-width: 300px) 100vw, 300px\" \/><span style=\"background-color: #f44336; color: #ffffff;\">\u00a0Myde\u0142ko\u00a0jak serduszko\u00a0<\/span><\/h4>\n<h4><span style=\"color: #f44336;\">15,- pln<\/span><\/h4>\n<p>\u015awietnie nadaje si\u0119 na gustowny ale ma\u0142o kosztowny prezent!<\/p>\n<p>Podoba si\u0119 bardzo kobietom, ze wzgl\u0119du na sw\u00f3j kszta\u0142t, a najcz\u0119\u015bciej wybieraj\u0105 je dzieci!<\/p>\n<hr \/>\n<p>&nbsp;<\/p>\n<p>&nbsp;<\/p>\n<p><img loading=\"lazy\" decoding=\"async\" class=\"size-medium wp-image-2867 alignleft\" src=\"http:\/\/jaskinia-eden.pl\/wp-content\/uploads\/2016\/10\/IMG_0171a-300x200.jpg\" alt=\"img_0171a\" width=\"300\" height=\"200\" srcset=\"https:\/\/jaskiniaeden.pl\/wp-content\/uploads\/2016\/10\/IMG_0171a-300x200.jpg 300w, https:\/\/jaskiniaeden.pl\/wp-content\/uploads\/2016\/10\/IMG_0171a-360x240.jpg 360w, https:\/\/jaskiniaeden.pl\/wp-content\/uploads\/2016\/10\/IMG_0171a-400x267.jpg 400w, https:\/\/jaskiniaeden.pl\/wp-content\/uploads\/2016\/10\/IMG_0171a-430x287.jpg 430w, https:\/\/jaskiniaeden.pl\/wp-content\/uploads\/2016\/10\/IMG_0171a-150x100.jpg 150w, https:\/\/jaskiniaeden.pl\/wp-content\/uploads\/2016\/10\/IMG_0171a-100x67.jpg 100w, https:\/\/jaskiniaeden.pl\/wp-content\/uploads\/2016\/10\/IMG_0171a-272x182.jpg 272w, https:\/\/jaskiniaeden.pl\/wp-content\/uploads\/2016\/10\/IMG_0171a.jpg 640w\" sizes=\"auto, (max-width: 300px) 100vw, 300px\" \/><\/p>\n<h4><span style=\"background-color: #f44336; color: #ffffff;\">\u00a0Myde\u0142ko jak kula\u00a0<\/span><\/h4>\n<h4><span style=\"color: #f44336;\">15,- pln<\/span><\/h4>\n<p>Znacznie ci\u0119\u017csza w swej masie od serduszka, a jej kulisty kszta\u0142t znakomicie prezentuje si\u0119 jako ozdoba mieszkania\u2026<\/p>\n<p>Powinna by\u0107 jednak w ka\u017cdej \u0142azience\u2026<\/p>\n<hr \/>\n<p>&nbsp;<\/p>\n<p>&nbsp;<\/p>\n<a href=\"http:\/\/jaskinia-eden.pl\/?p=2730&amp;page=2\" class=\"medium full square otw-button\"><i class=\"general foundicon-heart\"><\/i> CZYTAJ O MYDE\u0141KACH SOLNYCH \u2192 <\/a>\n<p><!--nextpage--><\/p>\n<p>Informacje o myde\u0142kach solnych:<\/p>\n<p class=\"style4\">W 100% wykonane z kryszta\u0142\u00f3w soli z pakista\u0144skich Himalaj\u00f3w.\u00a0 S\u0105 bardzo cennym ca\u0142kowicie naturalnym kosmetykiem, stosowanym\u00a0 od wiek\u00f3w. S\u00f3l ma w\u0142a\u015bciwo\u015bci bakteriob\u00f3jcze, antywirusowe oraz silnie wyg\u0142adzaj\u0105ce nask\u00f3rek.\u00a0\u00a0 Znakomicie sprawdza si\u0119 przy cerach, t\u0142ustych, mieszanych, alergicznych\u2026\u00a0<\/p>\n<p class=\"style4\"><strong><span style=\"color: #f44336;\"><span style=\"color: #3f0000;\">To doskona\u0142y DOMOWY spos\u00f3b na<\/span> NATURALNY ENZYMATYCZNY PEELING<\/span><\/strong><\/p>\n<p class=\"style4\">Umyt\u0105 sk\u00f3r\u0119, twarzy, r\u0105k czy te\u017c innych cz\u0119\u015bci cia\u0142a &#8211; najlepiej wieczorem przed snem ,\u00a0 delikatnie masujemy zwil\u017conymi lub mokrymi d\u0142o\u0144mi pocieraj\u0105c wcze\u015bniej o myde\u0142ko, zostawiamy cienk\u0105 warstw\u0119 soli z mikroelementami.<\/p>\n<h4><span style=\"text-decoration: underline; color: #f44336;\">Kiedy ju\u017c mamy s\u0142on\u0105 warstw\u0119 na twarzy, mamy dwie mo\u017cliwo\u015bci:<\/span><\/h4>\n<p class=\"style4\">1. mo\u017cemy j\u0105 zostawi\u0107 na noc, aby mog\u0142a dzia\u0142a\u0107 przez dezynfekcj\u0119, oczyszczanie oraz zatrzymywanie wody w sk\u00f3rze, a tym samym przeciwdzia\u0142a\u0107 wolnym rodnikom, odpowiedzialnym za starzenie si\u0119 sk\u00f3ry. Na pocz\u0105tku stosowania mo\u017cemy odczuwa\u0107 pieczenie, w\u00f3wczas po 5-10-15 min. nale\u017cy j\u0105 zmy\u0107. Z czasem, jak nasza sk\u00f3ra przywyknie, mo\u017cemy j\u0105 zostawia\u0107 na noc, nanosz\u0105c na ni\u0105 ewentualnie jeszcze odpowiedni do naszej cery krem.<\/p>\n<p class=\"style4\">2. nak\u0142adaj\u0105c niewielk\u0105 ilo\u015b\u0107 \u017celu borowinowego lub siarczkowego, delikatnie masuj\u0105c wybrane cz\u0119\u015bci cia\u0142a, wykonujemy bardzo szybko i skutecznie naturalny peeling; bardzo widocznie b\u0119dzie \u015bcierana warstwa martwego nask\u00f3rka oraz wyp\u0142ukiwanie &#8222;brudk\u00f3w&#8221; z por\u00f3w sk\u00f3ry. Mo\u017cemy dok\u0142ada\u0107 niewiele ilo\u015b\u0107 \u017celu i masowa\u0107 dop\u00f3ki nask\u00f3rek b\u0119dzie si\u0119 \u015bciera\u0142. Na koniec proponuj\u0119 nanie\u015b\u0107 bardzo niewielk\u0105 warstw\u0119 \u017celu, tak aby w ju\u017c oczyszczone pory m\u00f3g\u0142 wnika\u0107 i dzia\u0142a\u0107 ze wszystkimi zaletami ale przede wszystkim odbudowywa\u0107 warstw\u0119 kolagenow\u0105 sk\u00f3ry<\/p>\n<p class=\"style4\">Stosuj\u0105c myde\u0142ka systematycznie, np. na\u00a0 d\u0142onie, z pewno\u015bci\u0105 zauwa\u017cymy, jak sk\u00f3ra staje si\u0119 aksamitna i delikatna w dotyku, bez kosztownych i czasoch\u0142onnych zabieg\u00f3w kosmetycznych. S\u00f3l ma r\u00f3wnie\u017c w\u0142a\u015bciwo\u015bci wybielaj\u0105ce i rozja\u015bniaj\u0105ce. Polecamy je zatem osobom maj\u0105cym problemy z przebarwieniami sk\u00f3ry, wypryskami,\u00a0 o \u0142ojotokowym zapaleniu, tr\u0105dzikiem etc.<\/p>\n<p class=\"style4\">Myde\u0142ko nie tylko z\u0142uszcza martwy nask\u00f3rek ale r\u00f3wnie\u017c\u00a0 nawil\u017ca i uj\u0119drnia sk\u00f3r\u0119.\u00a0 Poprawiaj\u0105c\u00a0 ukrwienie, od\u017cywiamy j\u0105, co pomaga w walce z cellulitem.<\/p>\n","protected":false},"excerpt":{"rendered":"<p>Naturalny kosmetyk w formie myde\u0142ek w odmiennych kszta\u0142tach. Myde\u0142ka wykonane s\u0105 w 100% z kryszta\u0142\u00f3w soli z pakista\u0144skich Himalaj\u00f3w, wg wiekowej receptury!<br \/>\nMaj\u0105 w\u0142a\u015bciwo\u015bci bakteriob\u00f3jcze, antywirusowe oraz silnie wyg\u0142adzaj\u0105ce&#8230;<\/p>\n","protected":false},"author":1,"featured_media":2867,"comment_status":"closed","ping_status":"closed","sticky":false,"template":"","format":"standard","meta":{"footnotes":""},"categories":[16],"tags":[],"class_list":["post-2730","post","type-post","status-publish","format-standard","has-post-thumbnail","hentry","category-produkty-solne"],"_links":{"self":[{"href":"https:\/\/jaskiniaeden.pl\/index.php?rest_route=\/wp\/v2\/posts\/2730","targetHints":{"allow":["GET"]}}],"collection":[{"href":"https:\/\/jaskiniaeden.pl\/index.php?rest_route=\/wp\/v2\/posts"}],"about":[{"href":"https:\/\/jaskiniaeden.pl\/index.php?rest_route=\/wp\/v2\/types\/post"}],"author":[{"embeddable":true,"href":"https:\/\/jaskiniaeden.pl\/index.php?rest_route=\/wp\/v2\/users\/1"}],"replies":[{"embeddable":true,"href":"https:\/\/jaskiniaeden.pl\/index.php?rest_route=%2Fwp%2Fv2%2Fcomments&post=2730"}],"version-history":[{"count":30,"href":"https:\/\/jaskiniaeden.pl\/index.php?rest_route=\/wp\/v2\/posts\/2730\/revisions"}],"predecessor-version":[{"id":3137,"href":"https:\/\/jaskiniaeden.pl\/index.php?rest_route=\/wp\/v2\/posts\/2730\/revisions\/3137"}],"wp:featuredmedia":[{"embeddable":true,"href":"https:\/\/jaskiniaeden.pl\/index.php?rest_route=\/wp\/v2\/media\/2867"}],"wp:attachment":[{"href":"https:\/\/jaskiniaeden.pl\/index.php?rest_route=%2Fwp%2Fv2%2Fmedia&parent=2730"}],"wp:term":[{"taxonomy":"category","embeddable":true,"href":"https:\/\/jaskiniaeden.pl\/index.php?rest_route=%2Fwp%2Fv2%2Fcategories&post=2730"},{"taxonomy":"post_tag","embeddable":true,"href":"https:\/\/jaskiniaeden.pl\/index.php?rest_route=%2Fwp%2Fv2%2Ftags&post=2730"}],"curies":[{"name":"wp","href":"https:\/\/api.w.org\/{rel}","templated":true}]}}